{"id":503,"date":"2018-08-28T07:48:46","date_gmt":"2018-08-28T06:48:46","guid":{"rendered":"http:\/\/judo-spay.fr\/?p=503"},"modified":"2018-08-28T07:48:46","modified_gmt":"2018-08-28T06:48:46","slug":"rentree-2018-2019","status":"publish","type":"post","link":"http:\/\/judo-spay.fr\/?p=503","title":{"rendered":"Rentr\u00e9e 2018-2019"},"content":{"rendered":"<p>Cher judoka,<\/p>\n<p>Voici le temps de reprendre le chemin de l\u2019\u00e9cole ou du travail, mais aussi de reprendre contact avec le tatami.<br \/>\nNous sommes s\u00fbrs que tu piaffes d\u2019impatience \u00e0 l\u2019id\u00e9e de reprendre l\u2019entra\u00eenement, apr\u00e8s deux mois pass\u00e9s sans le kimono.<\/p>\n<div class=\"text_exposed_show\">\n<p>Nous te convions donc \u00e0 rejoindre ton club le : Mercredi 5 Septembre 2018<\/p>\n<p>Cours :<br \/>\nSelf d\u00e9fense &#8211; pour les pratiquants n\u00e9s en 2004 et avant &#8211; le mercredi de 19h30 \u00e0 20h30 &#8211; Co\u00fbt annuel : 124,00 \u20ac<\/p>\n<p>Ta\u00efso &#8211; pour les pratiquants n\u00e9s en 2004 et avant &#8211; le jeudi de 18h45\u00e0 19h45 &#8211; Co\u00fbt annuel : 124,00 \u20ac<\/p>\n<p>Baby judo &#8211; Pour les enfants n\u00e9s en 2013 et 2014 &#8211; le vendredi de 16h30 \u00e0 17h15 &#8211; possibilit\u00e9 de r\u00e9cup\u00e9rer votre enfants \u00e0 l&rsquo;\u00e9cole de SPAY &#8211; Co\u00fbt annuel : 124,00 \u20ac<\/p>\n<p>Pr\u00e9 Judo &#8211; Pour les enfants n\u00e9s de 2010 \u00e0 2012 &#8211; le vendredi de 17h15 \u00e0 18h15 &#8211; Co\u00fbt annuel : 124,00 \u20ac<\/p>\n<p>Judo &#8211; pour les enfants n\u00e9s de 2006 \u00e0 2009 &#8211; le vendredi de 18h45 \u00e0 20h15 &#8211; Co\u00fbt annuel: 133,00 \u20ac<\/p>\n<p>Judo adulte &#8211; pour les pratiquants n\u00e9s en 2005 et avant &#8211; le vendredi de 20h15 \u00e0 21h45 &#8211; Co\u00fbt annuel : 133,00 \u20ac<\/p>\n<p>Les possibilit\u00e9s de paiement sont les suivantes :<br \/>\nCh\u00e8ques bancaires, esp\u00e8ces, Ch\u00e8ques-vacances et coupons sport ANCV, Passeports Loisirs de la CAF de la Sarthe, \u00ab Ch\u00e8ques Coll\u00e8ges 72 \u00bb (\u00e9l\u00e8ves en classe de 3\u00e8me). Pass Culture sport pour les lyc\u00e9ens.<\/p>\n<p>Possibilit\u00e9 de paiement \u00e9chelonn\u00e9 de 1 \u00e0 4 fois (ch\u00e8que(s) \u00e0 l\u2019ordre du Judo Club de Spay) (premier ch\u00e8que obligatoirement du montant de la licence). Des remises sont pr\u00e9vues. Tu pourras en d\u00e9couvrir les conditions sur le site Internet du club.<\/p>\n<p>Attention :<br \/>\nCertificat m\u00e9dical : obligatoire pour toute nouvelle inscription. Pour les renouvellements, le certificat m\u00e9dical doit imp\u00e9rativement avoir moins de 12 mois ou 24 mois au moment de l\u2019inscription (paiement).<br \/>\nPasseport sportif judo obligatoire \u00e0 partir de 6 ans. il faut que tu emm\u00e8nes ta photo d\u2019identit\u00e9 (taille 3.5 cm x 4.5 cm), une copie de ta carte d\u2019identit\u00e9 (si tu n\u2019en as pas, une copie de la page te concernant du livret de famille suffira et un ch\u00e8que de 8,00 euros).<\/p>\n<\/div>\n","protected":false},"excerpt":{"rendered":"<p>Cher judoka, Voici le temps de reprendre le chemin de l\u2019\u00e9cole ou du travail, mais aussi de reprendre contact avec le tatami. Nous sommes s\u00fbrs que tu piaffes d\u2019impatience \u00e0 l\u2019id\u00e9e de reprendre l\u2019entra\u00eenement, apr\u00e8s deux mois pass\u00e9s sans le kimono. Nous te convions donc \u00e0 rejoindre ton club le : Mercredi 5 Septembre 2018 &hellip; <\/p>\n<p class=\"link-more\"><a href=\"http:\/\/judo-spay.fr\/?p=503\" class=\"more-link\">Continuer la lecture<span class=\"screen-reader-text\"> de &laquo;&nbsp;Rentr\u00e9e 2018-2019&nbsp;&raquo;<\/span><\/a><\/p>\n","protected":false},"author":1,"featured_media":0,"comment_status":"closed","ping_status":"closed","sticky":false,"template":"","format":"standard","meta":{"footnotes":""},"categories":[1],"tags":[],"_links":{"self":[{"href":"http:\/\/judo-spay.fr\/index.php?rest_route=\/wp\/v2\/posts\/503"}],"collection":[{"href":"http:\/\/judo-spay.fr\/index.php?rest_route=\/wp\/v2\/posts"}],"about":[{"href":"http:\/\/judo-spay.fr\/index.php?rest_route=\/wp\/v2\/types\/post"}],"author":[{"embeddable":true,"href":"http:\/\/judo-spay.fr\/index.php?rest_route=\/wp\/v2\/users\/1"}],"replies":[{"embeddable":true,"href":"http:\/\/judo-spay.fr\/index.php?rest_route=%2Fwp%2Fv2%2Fcomments&post=503"}],"version-history":[{"count":1,"href":"http:\/\/judo-spay.fr\/index.php?rest_route=\/wp\/v2\/posts\/503\/revisions"}],"predecessor-version":[{"id":504,"href":"http:\/\/judo-spay.fr\/index.php?rest_route=\/wp\/v2\/posts\/503\/revisions\/504"}],"wp:attachment":[{"href":"http:\/\/judo-spay.fr\/index.php?rest_route=%2Fwp%2Fv2%2Fmedia&parent=503"}],"wp:term":[{"taxonomy":"category","embeddable":true,"href":"http:\/\/judo-spay.fr\/index.php?rest_route=%2Fwp%2Fv2%2Fcategories&post=503"},{"taxonomy":"post_tag","embeddable":true,"href":"http:\/\/judo-spay.fr\/index.php?rest_route=%2Fwp%2Fv2%2Ftags&post=503"}],"curies":[{"name":"wp","href":"https:\/\/api.w.org\/{rel}","templated":true}]}}